{"id":817,"date":"2017-05-30T16:27:36","date_gmt":"2017-05-30T13:27:36","guid":{"rendered":"http:\/\/www.diabeetik.ee\/?p=817"},"modified":"2017-07-03T12:17:44","modified_gmt":"2017-07-03T09:17:44","slug":"raagin-ajakirjas-tiiu-toidust-ja-tervisest","status":"publish","type":"post","link":"https:\/\/www.diabeetik.ee\/?p=817","title":{"rendered":"R\u00e4\u00e4gin ajakirjas Tiiu toidust ja tervisest"},"content":{"rendered":"<hr \/>\n<p><img loading=\"lazy\" decoding=\"async\" class=\"alignnone size-large wp-image-818\" src=\"http:\/\/www.diabeetik.ee\/wp-content\/uploads\/2017\/05\/DSC_0085-1024x875.jpg\" alt=\"\" width=\"840\" height=\"718\" srcset=\"https:\/\/www.diabeetik.ee\/wp-content\/uploads\/2017\/05\/DSC_0085-1024x875.jpg 1024w, https:\/\/www.diabeetik.ee\/wp-content\/uploads\/2017\/05\/DSC_0085-300x256.jpg 300w, https:\/\/www.diabeetik.ee\/wp-content\/uploads\/2017\/05\/DSC_0085-768x657.jpg 768w, https:\/\/www.diabeetik.ee\/wp-content\/uploads\/2017\/05\/DSC_0085-1200x1026.jpg 1200w\" sizes=\"auto, (max-width: 840px) 100vw, 840px\" \/><\/p>\n<p>Ajakirja Tiiu 2017 juunikuu numbris r\u00e4\u00e4gin toidust ja tervisest. Siinse blogi aadress on ka loo l\u00f5pus \u00e4ra tr\u00fckitud, mille eest olen t\u00e4nulik. Pealkirja on viga sisse lipsanud, seda ma kahjuks enne \u00fcle vaadata ei saanud &#8211; ma pole loobunud s\u00fcsivesikutest ega soovita t\u00e4ielikku loobumist mitte kellelegi, sest nii v\u00f5ib j\u00e4\u00e4da toitainetevaegusse. Minu s\u00fcsivesikud tulevad k\u00f6\u00f6giviljast, p\u00e4hklitest, seemnetest ja marjadest.<\/p>\n","protected":false},"excerpt":{"rendered":"<p>Ajakirja Tiiu 2017 juunikuu numbris r\u00e4\u00e4gin toidust ja tervisest. Siinse blogi aadress on ka loo l\u00f5pus \u00e4ra tr\u00fckitud, mille eest olen t\u00e4nulik. Pealkirja on viga sisse lipsanud, seda ma kahjuks enne \u00fcle vaadata ei saanud &#8211; ma pole loobunud s\u00fcsivesikutest ega soovita t\u00e4ielikku loobumist mitte kellelegi, sest nii v\u00f5ib j\u00e4\u00e4da toitainetevaegusse. Minu s\u00fcsivesikud tulevad k\u00f6\u00f6giviljast, &hellip; <a href=\"https:\/\/www.diabeetik.ee\/?p=817\" class=\"more-link\">Loe edasi <span class=\"screen-reader-text\">R\u00e4\u00e4gin ajakirjas Tiiu toidust ja tervisest<\/span> <span class=\"meta-nav\">&rarr;<\/span><\/a><\/p>\n","protected":false},"author":1,"featured_media":0,"comment_status":"closed","ping_status":"closed","sticky":false,"template":"","format":"standard","meta":{"footnotes":""},"categories":[15],"tags":[],"class_list":["post-817","post","type-post","status-publish","format-standard","hentry","category-meedia-ja-poordumised"],"_links":{"self":[{"href":"https:\/\/www.diabeetik.ee\/index.php?rest_route=\/wp\/v2\/posts\/817","targetHints":{"allow":["GET"]}}],"collection":[{"href":"https:\/\/www.diabeetik.ee\/index.php?rest_route=\/wp\/v2\/posts"}],"about":[{"href":"https:\/\/www.diabeetik.ee\/index.php?rest_route=\/wp\/v2\/types\/post"}],"author":[{"embeddable":true,"href":"https:\/\/www.diabeetik.ee\/index.php?rest_route=\/wp\/v2\/users\/1"}],"replies":[{"embeddable":true,"href":"https:\/\/www.diabeetik.ee\/index.php?rest_route=%2Fwp%2Fv2%2Fcomments&post=817"}],"version-history":[{"count":1,"href":"https:\/\/www.diabeetik.ee\/index.php?rest_route=\/wp\/v2\/posts\/817\/revisions"}],"predecessor-version":[{"id":819,"href":"https:\/\/www.diabeetik.ee\/index.php?rest_route=\/wp\/v2\/posts\/817\/revisions\/819"}],"wp:attachment":[{"href":"https:\/\/www.diabeetik.ee\/index.php?rest_route=%2Fwp%2Fv2%2Fmedia&parent=817"}],"wp:term":[{"taxonomy":"category","embeddable":true,"href":"https:\/\/www.diabeetik.ee\/index.php?rest_route=%2Fwp%2Fv2%2Fcategories&post=817"},{"taxonomy":"post_tag","embeddable":true,"href":"https:\/\/www.diabeetik.ee\/index.php?rest_route=%2Fwp%2Fv2%2Ftags&post=817"}],"curies":[{"name":"wp","href":"https:\/\/api.w.org\/{rel}","templated":true}]}}